{"id":6256,"date":"2018-01-17T17:00:39","date_gmt":"2018-01-17T16:00:39","guid":{"rendered":"https:\/\/katkaesk.com\/?p=6256"},"modified":"2019-12-10T14:21:57","modified_gmt":"2019-12-10T13:21:57","slug":"review-winters-garten-valerie-fritsch","status":"publish","type":"post","link":"https:\/\/katkaesk.com\/index.php\/2018\/01\/17\/review-winters-garten-valerie-fritsch\/","title":{"rendered":"[review] Winters Garten | Valerie Fritsch"},"content":{"rendered":"<h4>Das Buch<\/h4>\n<blockquote><p>Anton Winter wuchs als Sohn eines Geigenbauers auf in einem riesigen Garten zu eine Zeit, als man noch in ein Schicksal hineingeboren werden konnte.<\/p><\/blockquote>\n<p>&nbsp;<\/p>\n<p>Anton Winter lebt mit seinem Bruder, seinen Eltern und seinen Gro\u00dfeltern am Rande einer Stadt in einem Haus mit einem wunderbaren, riesigen Garten. Der Garten ist ein Paradies, wahrhaftig und doch nah. Als seine Gro\u00dfmutter stirbt, zieht Anton in die Welt aus. Erst als eine Frau kennenlernt und die Wirren des Weltuntergangs zuschlagen, kehrt Anton in den wunderbaren Garten zur\u00fcck&#8230;<\/p>\n<h4><\/h4>\n<h4>Die Autorin<\/h4>\n<p>Valerie Fritsch (*1989 in Graz)<br \/>\nstudierte Jura und Germanistik (nicht fertig)<br \/>\nlebt als Schriftstellerin und Photok\u00fcnstlerin in Graz<br \/>\nBisher erschienen:<\/p>\n<p>2011: Verk\u00f6rperungEN &#8211; Leykam Verlag,<br \/>\n2015: Kinder der Unsch\u00e4rferelation &#8211; Leykam Velag<\/p>\n<figure style=\"width: 579px\" class=\"wp-caption aligncenter\"><a href=\"http:\/\/img.zeit.de\/kultur\/literatur\/2015-06\/valerie-fritsch\/wide__1300x731\"><img loading=\"lazy\" decoding=\"async\" class=\"\" src=\"http:\/\/img.zeit.de\/kultur\/literatur\/2015-06\/valerie-fritsch\/wide__1300x731\" width=\"579\" height=\"326\" \/><\/a><figcaption class=\"wp-caption-text\">Quelle: zeit.de<\/figcaption><\/figure>\n<h4>Die Ansicht<\/h4>\n<p>Sprachlich war dies mit Abstand der gewaltigste Roman, den ich je lesen durfte. Ich war beeindruckt, wie gro\u00df und pathetisch ein Roman sein kann, den jemand schreibt, der so alt ist wie ich. Und: es hing nicht an den Personen, dass ich das Buch an einem Nachmittag verschlungen hatte. Anton Winter steht als Metapher der allgemeinen Gef\u00fchlslosigkeit im Raum, die Sehnsucht nach einem Paradies, das es nie geben wird. Es ist die H\u00e4rte, die einen trifft zwischen all dem Sch\u00f6nen. Die Endzeit in diesem Buch, die so wenig einen Blockbuster gleicht. Das Poetische zwischen den Zeilen. Ein grandioses Buch durch und durch.<\/p>\n<blockquote><p>L\u00e4ngst war ein Perpetuum Mobile aus zwei Menschen in Gang gesetzt, so selbstgen\u00fcgsam wie selbstvergessen (Fritsch 2015)<\/p><\/blockquote>\n<h4>Die Information<\/h4>\n<figure style=\"width: 131px\" class=\"wp-caption alignright\"><a href=\"https:\/\/i0.wp.com\/www.suhrkamp.de\/cover\/640\/42471.jpg\"><img data-recalc-dims=\"1\" loading=\"lazy\" decoding=\"async\" src=\"https:\/\/i0.wp.com\/www.suhrkamp.de\/cover\/640\/42471.jpg?resize=131%2C218\" alt=\"\" width=\"131\" height=\"218\" \/><\/a><figcaption class=\"wp-caption-text\">Quelle: suhrkamp.de<\/figcaption><\/figure>\n<p>Winters Garten<br \/>\nValerie Fritsch<br \/>\nSuhrkamp<br \/>\nPreis: <a href=\"https:\/\/www.thalia.at\/shop\/home\/suggestartikel\/ID44239794.html?sq=Winters%20Garten&amp;stype=productName\">17,50 (gebundene Ausgabe)<\/a><\/p>\n<p>&nbsp;<\/p>\n","protected":false},"excerpt":{"rendered":"<p>Das Buch Anton Winter wuchs als Sohn eines Geigenbauers auf in einem riesigen Garten zu eine Zeit, als man noch in ein Schicksal hineingeboren werden konnte. &nbsp; Anton Winter lebt mit seinem Bruder, seinen Eltern und seinen Gro\u00dfeltern am Rande einer Stadt in einem Haus mit einem wunderbaren, riesigen Garten. Der Garten ist ein Paradies, [&hellip;]<\/p>\n","protected":false},"author":1,"featured_media":0,"comment_status":"open","ping_status":"open","sticky":false,"template":"","format":"standard","meta":{"jetpack_post_was_ever_published":false,"_jetpack_newsletter_access":"","_jetpack_dont_email_post_to_subs":false,"_jetpack_newsletter_tier_id":0,"_jetpack_memberships_contains_paywalled_content":false,"_jetpack_memberships_contains_paid_content":false,"footnotes":"","jetpack_publicize_message":"","jetpack_publicize_feature_enabled":true,"jetpack_social_post_already_shared":true,"jetpack_social_options":{"image_generator_settings":{"template":"highway","default_image_id":0,"font":"","enabled":false},"version":2}},"categories":[1,455],"tags":[233,222,212,221,238,113,237,236],"class_list":["post-6256","post","type-post","status-publish","format-standard","hentry","category-allgemein","category-rezensionen","tag-booklover","tag-buchblogger","tag-buchreview","tag-buchrezension","tag-roman","tag-schriftsteller","tag-valerie-fritsch","tag-winters-garten"],"jetpack_publicize_connections":[],"jetpack_featured_media_url":"","jetpack_shortlink":"https:\/\/wp.me\/p7jUiv-1CU","jetpack-related-posts":[],"jetpack_sharing_enabled":true,"_links":{"self":[{"href":"https:\/\/katkaesk.com\/index.php\/wp-json\/wp\/v2\/posts\/6256","targetHints":{"allow":["GET"]}}],"collection":[{"href":"https:\/\/katkaesk.com\/index.php\/wp-json\/wp\/v2\/posts"}],"about":[{"href":"https:\/\/katkaesk.com\/index.php\/wp-json\/wp\/v2\/types\/post"}],"author":[{"embeddable":true,"href":"https:\/\/katkaesk.com\/index.php\/wp-json\/wp\/v2\/users\/1"}],"replies":[{"embeddable":true,"href":"https:\/\/katkaesk.com\/index.php\/wp-json\/wp\/v2\/comments?post=6256"}],"version-history":[{"count":4,"href":"https:\/\/katkaesk.com\/index.php\/wp-json\/wp\/v2\/posts\/6256\/revisions"}],"predecessor-version":[{"id":6260,"href":"https:\/\/katkaesk.com\/index.php\/wp-json\/wp\/v2\/posts\/6256\/revisions\/6260"}],"wp:attachment":[{"href":"https:\/\/katkaesk.com\/index.php\/wp-json\/wp\/v2\/media?parent=6256"}],"wp:term":[{"taxonomy":"category","embeddable":true,"href":"https:\/\/katkaesk.com\/index.php\/wp-json\/wp\/v2\/categories?post=6256"},{"taxonomy":"post_tag","embeddable":true,"href":"https:\/\/katkaesk.com\/index.php\/wp-json\/wp\/v2\/tags?post=6256"}],"curies":[{"name":"wp","href":"https:\/\/api.w.org\/{rel}","templated":true}]}}